{"id":1721,"date":"2017-05-18T21:42:34","date_gmt":"2017-05-19T01:42:34","guid":{"rendered":"https:\/\/cherryandlemon.com\/?p=1721"},"modified":"2017-05-22T21:57:36","modified_gmt":"2017-05-23T01:57:36","slug":"estilo-folk","status":"publish","type":"post","link":"https:\/\/cherryandlemon.com\/index.php\/2017\/05\/18\/estilo-folk\/","title":{"rendered":"Estilo Folk"},"content":{"rendered":"<h1>Estilo Folk \u00a0&#8220;Lo nuestro est\u00e1 de moda&#8221;<\/h1>\n<p>Lo artesanal, nuestros or\u00edgenes, \u00a0han invadido no solo nuestras vestimentas sino tambi\u00e9n cada uno de los rincones de nuestros espacios. Por la explosi\u00f3n de colores que lo caracterizan, aportan alegr\u00eda y vitalidad, creando un ambiente m\u00e1s ameno \u00a0y m\u00e1s c\u00e1lido en nuestro hogar. El estilo folk que tambi\u00e9n tiene bastante del estilo bohemio ha estado y\u00a0siempre estar\u00e1 de moda.<\/p>\n<p>Esta tendencia podemos encontrarla no solo en la \u00a0decoraci\u00f3n de interiores \u00a0sino tambi\u00e9n en la de exteriores. Est\u00e1 presente en los objetos decorativos, almohadones, manteles, mantas para el sof\u00e1, individuales, hamacas y mucho m\u00e1s.<\/p>\n<blockquote class=\"instagram-media\" style=\"background: #FFF; border: 0; border-radius: 3px; box-shadow: 0 0 1px 0 rgba(0,0,0,0.5),0 1px 10px 0 rgba(0,0,0,0.15); margin: 1px; max-width: 658px; padding: 0; width: calc(100% - 2px);\" data-instgrm-version=\"7\">\n<div style=\"padding: 8px;\">\n<div style=\"background: #F8F8F8; line-height: 0; margin-top: 40px; padding: 33.24074074074074% 0; text-align: center; width: 100%;\"><\/div>\n<p style=\"color: #c9c8cd; font-family: Arial,sans-serif; font-size: 14px; line-height: 17px; margin-bottom: 0; margin-top: 8px; overflow: hidden; padding: 8px 0 7px; text-align: center; text-overflow: ellipsis; white-space: nowrap;\"><a style=\"color: #c9c8cd; font-family: Arial,sans-serif; font-size: 14px; font-style: normal; font-weight: normal; line-height: 17px; text-decoration: none;\" href=\"https:\/\/www.instagram.com\/p\/BTojMaFD8A1\/\" target=\"_blank\" rel=\"noopener noreferrer\">Una publicaci\u00f3n compartida de nichol naranjo (@nicholnaranjo)<\/a> el <time style=\"font-family: Arial,sans-serif; font-size: 14px; line-height: 17px;\" datetime=\"2017-05-03T14:29:53+00:00\">3 de May de 2017 a la(s) 7:29 PDT<\/time><\/p>\n<\/div>\n<\/blockquote>\n<p><script async defer src=\"\/\/platform.instagram.com\/en_US\/embeds.js\"><\/script><\/p>\n<p>&nbsp;<\/p>\n<p>Cuando tengas\u00a0\u00a0un almuerzo al aire libre con amigos, \u00a0crea un ambiente\u00a0fresco y juvenil combinando unos bell\u00edsimos individuales con el resto de la decoraci\u00f3n.<\/p>\n<blockquote class=\"instagram-media\" style=\"background: #FFF; border: 0; border-radius: 3px; box-shadow: 0 0 1px 0 rgba(0,0,0,0.5),0 1px 10px 0 rgba(0,0,0,0.15); margin: 1px; max-width: 658px; padding: 0; width: calc(100% - 2px);\" data-instgrm-version=\"7\">\n<div style=\"padding: 8px;\">\n<div style=\"background: #F8F8F8; line-height: 0; margin-top: 40px; padding: 59.37149270482603% 0; text-align: center; width: 100%;\"><\/div>\n<p style=\"color: #c9c8cd; font-family: Arial,sans-serif; font-size: 14px; line-height: 17px; margin-bottom: 0; margin-top: 8px; overflow: hidden; padding: 8px 0 7px; text-align: center; text-overflow: ellipsis; white-space: nowrap;\"><a style=\"color: #c9c8cd; font-family: Arial,sans-serif; font-size: 14px; font-style: normal; font-weight: normal; line-height: 17px; text-decoration: none;\" href=\"https:\/\/www.instagram.com\/p\/BTu-EY3hxJB\/\" target=\"_blank\" rel=\"noopener noreferrer\">Una publicaci\u00f3n compartida de The Little Market (@thelittlemarket)<\/a> el <time style=\"font-family: Arial,sans-serif; font-size: 14px; line-height: 17px;\" datetime=\"2017-05-06T02:20:10+00:00\">5 de May de 2017 a la(s) 7:20 PDT<\/time><\/p>\n<\/div>\n<\/blockquote>\n<p><script async defer src=\"\/\/platform.instagram.com\/en_US\/embeds.js\"><\/script><\/p>\n<p>&nbsp;<\/p>\n<p>Si eres de las personas que gusta de este estilo, siempre que viajes no olvides visitar los mercados de artesan\u00eda. En estos lugares te sorprender\u00e1 conocer lo espectacular de cada cultura y te maravillar\u00e1s por todo lo que podr\u00e1s encontrar y as\u00ed aportar un toque de \u00a0color a tu\u00a0decoraci\u00f3n.<\/p>\n<p>En Paraguay, nuestro pa\u00eds, el principal exponente de este estilo es el poyv\u00ed que tiene sus or\u00edgenes en la ciudad de Carapegu\u00e1. Todos los d\u00edas artesanos de esta regi\u00f3n dan vida a una infinidad de art\u00edculos que dar\u00e1n vitalidad\u00a0a tu ambiente.<\/p>\n<blockquote class=\"instagram-media\" style=\"background: #FFF; border: 0; border-radius: 3px; box-shadow: 0 0 1px 0 rgba(0,0,0,0.5),0 1px 10px 0 rgba(0,0,0,0.15); margin: 1px; max-width: 658px; padding: 0; width: calc(100% - 2px);\" data-instgrm-version=\"7\">\n<div style=\"padding: 8px;\">\n<div style=\"background: #F8F8F8; line-height: 0; margin-top: 40px; padding: 50.0% 0; text-align: center; width: 100%;\"><\/div>\n<p style=\"color: #c9c8cd; font-family: Arial,sans-serif; font-size: 14px; line-height: 17px; margin-bottom: 0; margin-top: 8px; overflow: hidden; padding: 8px 0 7px; text-align: center; text-overflow: ellipsis; white-space: nowrap;\"><a style=\"color: #c9c8cd; font-family: Arial,sans-serif; font-size: 14px; font-style: normal; font-weight: normal; line-height: 17px; text-decoration: none;\" href=\"https:\/\/www.instagram.com\/p\/BT1p0JFjVNJ\/\" target=\"_blank\" rel=\"noopener noreferrer\">Una publicaci\u00f3n compartida de Por Amor Al Arte (@poramoralartedeco)<\/a> el <time style=\"font-family: Arial,sans-serif; font-size: 14px; line-height: 17px;\" datetime=\"2017-05-08T16:37:52+00:00\">8 de May de 2017 a la(s) 9:37 PDT<\/time><\/p>\n<\/div>\n<\/blockquote>\n<p><script async defer src=\"\/\/platform.instagram.com\/en_US\/embeds.js\"><\/script><\/p>\n<p>&nbsp;<\/p>\n<p>En M\u00e9xico, los Sarapes, fabricados por fant\u00e1sticas manos artesanas pueden ser usados en la sala, en la habitaci\u00f3n y en cada lugar que tu desees, solo tienes que hacer volar \u00a0tu imaginaci\u00f3n y listo.<\/p>\n<blockquote class=\"instagram-media\" style=\"background: #FFF; border: 0; border-radius: 3px; box-shadow: 0 0 1px 0 rgba(0,0,0,0.5),0 1px 10px 0 rgba(0,0,0,0.15); margin: 1px; max-width: 658px; padding: 0; width: calc(100% - 2px);\" data-instgrm-version=\"7\">\n<div style=\"padding: 8px;\">\n<div style=\"background: #F8F8F8; line-height: 0; margin-top: 40px; padding: 50.0% 0; text-align: center; width: 100%;\"><\/div>\n<p style=\"color: #c9c8cd; font-family: Arial,sans-serif; font-size: 14px; line-height: 17px; margin-bottom: 0; margin-top: 8px; overflow: hidden; padding: 8px 0 7px; text-align: center; text-overflow: ellipsis; white-space: nowrap;\"><a style=\"color: #c9c8cd; font-family: Arial,sans-serif; font-size: 14px; font-style: normal; font-weight: normal; line-height: 17px; text-decoration: none;\" href=\"https:\/\/www.instagram.com\/p\/BKLpVpghHeb\/\" target=\"_blank\" rel=\"noopener noreferrer\">Una publicaci\u00f3n compartida de Del Mex (@del_mex)<\/a> el <time style=\"font-family: Arial,sans-serif; font-size: 14px; line-height: 17px;\" datetime=\"2016-09-10T16:23:03+00:00\">10 de Sep de 2016 a la(s) 9:23 PDT<\/time><\/p>\n<\/div>\n<\/blockquote>\n<p><script async defer src=\"\/\/platform.instagram.com\/en_US\/embeds.js\"><\/script><\/p>\n<blockquote class=\"instagram-media\" style=\"background: #FFF; border: 0; border-radius: 3px; box-shadow: 0 0 1px 0 rgba(0,0,0,0.5),0 1px 10px 0 rgba(0,0,0,0.15); margin: 1px; max-width: 658px; padding: 0; width: calc(100% - 2px);\" data-instgrm-version=\"7\">\n<div style=\"padding: 8px;\">\n<div style=\"background: #F8F8F8; line-height: 0; margin-top: 40px; padding: 50.0% 0; text-align: center; width: 100%;\"><\/div>\n<p style=\"color: #c9c8cd; font-family: Arial,sans-serif; font-size: 14px; line-height: 17px; margin-bottom: 0; margin-top: 8px; overflow: hidden; padding: 8px 0 7px; text-align: center; text-overflow: ellipsis; white-space: nowrap;\"><a style=\"color: #c9c8cd; font-family: Arial,sans-serif; font-size: 14px; font-style: normal; font-weight: normal; line-height: 17px; text-decoration: none;\" href=\"https:\/\/www.instagram.com\/p\/BKYU1iAB9Cj\/\" target=\"_blank\" rel=\"noopener noreferrer\">Una publicaci\u00f3n compartida de Del Mex (@del_mex)<\/a> el <time style=\"font-family: Arial,sans-serif; font-size: 14px; line-height: 17px;\" datetime=\"2016-09-15T14:34:02+00:00\">15 de Sep de 2016 a la(s) 7:34 PDT<\/time><\/p>\n<\/div>\n<\/blockquote>\n<p><script async defer src=\"\/\/platform.instagram.com\/en_US\/embeds.js\"><\/script><\/p>\n<p>Descubr\u00ed todo lo que este estilo puede aportar a tu decoraci\u00f3n y llena tu vida de color!<\/p>\n<p>&nbsp;<\/p>\n","protected":false},"excerpt":{"rendered":"<p>Estilo Folk \u00a0&#8220;Lo nuestro est\u00e1 de moda&#8221; Lo artesanal, nuestros or\u00edgenes, \u00a0han invadido no solo nuestras vestimentas sino tambi\u00e9n cada uno de los rincones de nuestros espacios. Por la explosi\u00f3n de colores que lo caracterizan, aportan alegr\u00eda y vitalidad, creando un ambiente m\u00e1s ameno \u00a0y m\u00e1s c\u00e1lido en nuestro hogar. El estilo folk que tambi\u00e9n [&hellip;]<\/p>\n<p class=\"post-read-more\"><a href=\"https:\/\/cherryandlemon.com\/index.php\/2017\/05\/18\/estilo-folk\/\">Continue Reading&#8230;<\/a><\/p>\n","protected":false},"author":1,"featured_media":1751,"comment_status":"open","ping_status":"open","sticky":false,"template":"","format":"standard","meta":{"footnotes":""},"categories":[2],"tags":[72,71,70],"_links":{"self":[{"href":"https:\/\/cherryandlemon.com\/index.php\/wp-json\/wp\/v2\/posts\/1721"}],"collection":[{"href":"https:\/\/cherryandlemon.com\/index.php\/wp-json\/wp\/v2\/posts"}],"about":[{"href":"https:\/\/cherryandlemon.com\/index.php\/wp-json\/wp\/v2\/types\/post"}],"author":[{"embeddable":true,"href":"https:\/\/cherryandlemon.com\/index.php\/wp-json\/wp\/v2\/users\/1"}],"replies":[{"embeddable":true,"href":"https:\/\/cherryandlemon.com\/index.php\/wp-json\/wp\/v2\/comments?post=1721"}],"version-history":[{"count":23,"href":"https:\/\/cherryandlemon.com\/index.php\/wp-json\/wp\/v2\/posts\/1721\/revisions"}],"predecessor-version":[{"id":1780,"href":"https:\/\/cherryandlemon.com\/index.php\/wp-json\/wp\/v2\/posts\/1721\/revisions\/1780"}],"wp:featuredmedia":[{"embeddable":true,"href":"https:\/\/cherryandlemon.com\/index.php\/wp-json\/wp\/v2\/media\/1751"}],"wp:attachment":[{"href":"https:\/\/cherryandlemon.com\/index.php\/wp-json\/wp\/v2\/media?parent=1721"}],"wp:term":[{"taxonomy":"category","embeddable":true,"href":"https:\/\/cherryandlemon.com\/index.php\/wp-json\/wp\/v2\/categories?post=1721"},{"taxonomy":"post_tag","embeddable":true,"href":"https:\/\/cherryandlemon.com\/index.php\/wp-json\/wp\/v2\/tags?post=1721"}],"curies":[{"name":"wp","href":"https:\/\/api.w.org\/{rel}","templated":true}]}}